{"id":10521,"date":"2016-03-17T09:00:07","date_gmt":"2016-03-17T08:00:07","guid":{"rendered":"http:\/\/preprod.gmtmag.com\/?p=10521"},"modified":"2016-03-11T13:37:02","modified_gmt":"2016-03-11T12:37:02","slug":"christian-leiggener-frederic-layani-matthieu-brichet-frederik-schreve-olivier-bacher-3","status":"publish","type":"post","link":"https:\/\/www.gmtmag.com\/de\/business-n-de\/buisiness_news-3\/christian-leiggener-frederic-layani-matthieu-brichet-frederik-schreve-olivier-bacher-3.html","title":{"rendered":"Christian Leiggener, Fr\u00e9d\u00e9ric Layani, Matthieu Brichet, Frederik Schreve, Olivier Bacher"},"content":{"rendered":"\n<div class=\"contenu_article\"><strong>Christian Leiggener<\/strong> wurde im Januar zum internationalen Verkaufsdirektor von <strong>Armin Strom<\/strong> ernannt. Seine 16-j\u00e4hrige Erfahrung im internationalen Verkauf und Marketing in der Uhrenindustrie (vor allem bei Maurice Lacroix, Rado und Swatch) sollen ihm helfen, das Vertriebsnetz der Marke zu entwickeln.<\/p>\n<p>&nbsp;<\/p>\n<p><strong>Fr\u00e9d\u00e9ric Layani<\/strong> kehrt als neuer Head of Marketing bei <strong>Corum<\/strong> nach einem Abstecher in die Formel 1 in die Uhrmacherei zur\u00fcck. Der CRM- und Internet-Experte hatte zuvor die digitalen Aktivit\u00e4ten von TAG Heuer und Nespresso geleitet.<\/p>\n<p>&nbsp;<\/p>\n<p><strong>Matthieu Brichet<\/strong> \u00fcbernahm bei <strong>Graff<\/strong> den eigens f\u00fcr ihn geschaffenen Posten des Generaldirektors f\u00fcr Europa. Er arbeitet von Paris aus, wo die Marke ihre erste eigene Boutique er\u00f6ffnet. Mit 13 Jahren bei Fred und zehn Jahren bei Harry Winston verf\u00fcgt er \u00fcber einen grossen Erfahrungsschatz in der Juwelierkunst.<\/p>\n<p>&nbsp;<\/p>\n<p><strong>Frederik Schreve<\/strong> arbeitete 15 Jahre im Vertrieb, davon 12 in der Uhrmacherei (Cartier, Swatch Group und JeanRichard). Nach einem f\u00fcnfj\u00e4hrigen Wechsel in die Ausbildung wurde er Ende 2015 Partner und Generaldirektor von <strong>Face2Face.<\/strong> Der internationale Spezialist f\u00fcr operativen und strategischen Einzelhandel\u00a0 will Luxusmarken mit innovativen Methoden in der Ausbildung und beim Coaching unterst\u00fctzen.<\/p>\n<p>&nbsp;<\/p>\n<p><strong>Olivier Bacher<\/strong> ist als neuer Direktor f\u00fcr Marketing und Kommunikation zu <strong>Girard-Perregaux<\/strong> und damit zu Antonio Calce gestossen. Dieselbe Funktion hatte er zuvor f\u00fcnf Jahre lang bei Corum und 10 Jahre lang bei Audemars Piguet innegehabt. Davor hatte er f\u00fcnf Jahre lang bei Blancpain Erfahrungen im Bereich Verkauf und Marketing gesammelt.<\/p>\n<div><\/div>\n<div><\/div>\n<\/div>\n<p><\/br><\/p>\n","protected":false},"excerpt":{"rendered":"<p><strong>Christian Leiggener<\/strong> wurde im Januar zum internationalen Verkaufsdirektor von <strong>Armin Strom<\/strong> ernannt. Seine 16-j\u00e4hrige Erfahrung im internationalen Verkauf und Marketing in der Uhrenindustrie (vor allem bei Maurice Lacroix, Rado und Swatch) sollen ihm helfen, das Vertriebsnetz der Marke zu entwickeln.<\/p>\n<p>&nbsp;<\/p>\n<p><strong>Fr\u00e9d\u00e9ric Layani<\/strong> kehrt als neuer Head of Marketing bei <strong>Corum<\/strong> nach einem Abstecher in die Formel 1 in die Uhrmacherei zur\u00fcck. Der CRM- und Internet-Experte hatte zuvor die digitalen Aktivit\u00e4ten von TAG Heuer und Nespresso geleitet.<\/p>\n<p>&nbsp;<\/p>\n<p><strong>Matthieu Brichet<\/strong> \u00fcbernahm bei <strong>Graff<\/strong> den eigens f\u00fcr ihn geschaffenen Posten des Generaldirektors f\u00fcr Europa. Er arbeitet von Paris aus, wo die Marke ihre erste eigene Boutique er\u00f6ffnet. Mit 13 Jahren bei Fred und zehn Jahren bei Harry Winston verf\u00fcgt er \u00fcber einen grossen Erfahrungsschatz in der Juwelierkunst.<\/p>\n<p>&nbsp;<\/p>\n<p><strong>Frederik Schreve<\/strong> arbeitete 15 Jahre im Vertrieb, davon 12 in der Uhrmacherei (Cartier, Swatch Group und JeanRichard). Nach einem f\u00fcnfj\u00e4hrigen Wechsel in die Ausbildung wurde er Ende 2015 Partner und Generaldirektor von <strong>Face2Face.<\/strong> Der internationale Spezialist f\u00fcr operativen und strategischen Einzelhandel\u00a0 will Luxusmarken mit innovativen Methoden in der Ausbildung und beim Coaching unterst\u00fctzen.<\/p>\n<p>&nbsp;<\/p>\n<p><strong>Olivier Bacher<\/strong> ist als neuer Direktor f\u00fcr Marketing und Kommunikation zu <strong>Girard-Perregaux<\/strong> und damit zu Antonio Calce gestossen. Dieselbe Funktion hatte er zuvor f\u00fcnf Jahre lang bei Corum und 10 Jahre lang bei Audemars Piguet innegehabt. Davor hatte er f\u00fcnf Jahre lang bei Blancpain Erfahrungen im Bereich Verkauf und Marketing gesammelt.<\/p>\n<div><\/div>\n<div><\/div>\n","protected":false},"author":19,"featured_media":10517,"comment_status":"open","ping_status":"open","sticky":false,"template":"","format":"standard","meta":[],"categories":[67],"tags":[474,210,736,271,315],"_links":{"self":[{"href":"https:\/\/www.gmtmag.com\/de\/wp-json\/wp\/v2\/posts\/10521"}],"collection":[{"href":"https:\/\/www.gmtmag.com\/de\/wp-json\/wp\/v2\/posts"}],"about":[{"href":"https:\/\/www.gmtmag.com\/de\/wp-json\/wp\/v2\/types\/post"}],"author":[{"embeddable":true,"href":"https:\/\/www.gmtmag.com\/de\/wp-json\/wp\/v2\/users\/19"}],"replies":[{"embeddable":true,"href":"https:\/\/www.gmtmag.com\/de\/wp-json\/wp\/v2\/comments?post=10521"}],"version-history":[{"count":0,"href":"https:\/\/www.gmtmag.com\/de\/wp-json\/wp\/v2\/posts\/10521\/revisions"}],"wp:featuredmedia":[{"embeddable":true,"href":"https:\/\/www.gmtmag.com\/de\/wp-json\/wp\/v2\/media\/10517"}],"wp:attachment":[{"href":"https:\/\/www.gmtmag.com\/de\/wp-json\/wp\/v2\/media?parent=10521"}],"wp:term":[{"taxonomy":"category","embeddable":true,"href":"https:\/\/www.gmtmag.com\/de\/wp-json\/wp\/v2\/categories?post=10521"},{"taxonomy":"post_tag","embeddable":true,"href":"https:\/\/www.gmtmag.com\/de\/wp-json\/wp\/v2\/tags?post=10521"}],"curies":[{"name":"wp","href":"https:\/\/api.w.org\/{rel}","templated":true}]}}