{"id":25004,"date":"2017-10-25T14:00:37","date_gmt":"2017-10-25T12:00:37","guid":{"rendered":"https:\/\/www.gmtmag.com?p=25004"},"modified":"2018-02-28T17:30:58","modified_gmt":"2018-02-28T15:30:58","slug":"frederique-constant-frederique-constant-im-observatoire-de-nice","status":"publish","type":"post","link":"https:\/\/www.gmtmag.com\/de\/lifestyle-n-de\/zoom-de\/frederique-constant-frederique-constant-im-observatoire-de-nice.html","title":{"rendered":"Zoom"},"content":{"rendered":"<h2 style=\"text-align: justify;\">RICHARD MILLE: Wettbewerb Chantilly Arts &amp; El\u00e9gance<\/h2>\n<p style=\"text-align: justify;\"><a href=\"https:\/\/www.gmtmag.com\/wp-content\/uploads\/2017\/10\/Richard-Mille-concours-arts.jpg\"><img loading=\"lazy\" class=\"wp-image-24924 alignright\" src=\"https:\/\/www.gmtmag.com\/wp-content\/uploads\/2017\/10\/Richard-Mille-concours-arts.jpg\" alt=\"Richard Mille concours arts\" width=\"362\" height=\"181\" srcset=\"https:\/\/www.gmtmag.com\/wp-content\/uploads\/2017\/10\/Richard-Mille-concours-arts.jpg 1100w, https:\/\/www.gmtmag.com\/wp-content\/uploads\/2017\/10\/Richard-Mille-concours-arts-300x150.jpg 300w, https:\/\/www.gmtmag.com\/wp-content\/uploads\/2017\/10\/Richard-Mille-concours-arts-1024x512.jpg 1024w\" sizes=\"(max-width: 362px) 100vw, 362px\" \/><\/a>Am 10. September \u00f6ffnete das Ch\u00e2teau de Chantilly seine Pforten und G\u00e4rten f\u00fcr die zahlreich erschienenen Besucher. Deren Bewunderung galt den etwa 30 Ferraris, die zwischen 1948 und 2008 am 24-Stunden-Rennen von Le Mans teilgenommen hatten, Fahrzeugen, die einmal Stars geh\u00f6rten, Concept Cars und ann\u00e4hernd 800 Autos von verschiedenen Clubs. Das zum vierten Mal unter der Patenschaft von Richard Mille durchgef\u00fchrte Ereignis \u00e4hnelt einer Garden Party und ist eine Hommage an die franz\u00f6sische Lebensart und an die Eleganz der Automobile. Exemplare von Lamborghini, Bugatti, Ferrari und Maserati standen zur grossen Freude der Liebhaber sch\u00f6ner Karosserien Seite an Seite mit Modellen von Renault oder Peugeot.<\/p>\n<hr \/>\n<h2 style=\"text-align: justify;\">ZENITH: Grosse Show f\u00fcr die Defy Lab<\/h2>\n<p style=\"text-align: justify;\"><a href=\"https:\/\/www.gmtmag.com\/wp-content\/uploads\/2017\/10\/Zenith-Defy-Lab.jpg\"><img loading=\"lazy\" class=\"wp-image-24907 alignleft\" src=\"https:\/\/www.gmtmag.com\/wp-content\/uploads\/2017\/10\/Zenith-Defy-Lab.jpg\" alt=\"Zenith Defy Lab\" width=\"240\" height=\"120\" srcset=\"https:\/\/www.gmtmag.com\/wp-content\/uploads\/2017\/10\/Zenith-Defy-Lab.jpg 1100w, https:\/\/www.gmtmag.com\/wp-content\/uploads\/2017\/10\/Zenith-Defy-Lab-300x150.jpg 300w, https:\/\/www.gmtmag.com\/wp-content\/uploads\/2017\/10\/Zenith-Defy-Lab-1024x512.jpg 1024w\" sizes=\"(max-width: 240px) 100vw, 240px\" \/><\/a>Am 14. September 2017 enth\u00fcllte Zenith an einer spektakul\u00e4ren Pressekonferenz die \u00abpr\u00e4ziseste Uhr der Welt\u00bb. Bei der Pr\u00e4sentation waren CEO Julien Tornare, Jean-Claude Biver und Ricardo Guadalupe (CEO von Hublot) zugegen, da die Defy Lab in Synergie mit Hublot und TAG Heuer entworfen wurde. Highlight der Vorf\u00fchrung war die Ankunft der Uhren: Sie wurden von Drohnen in den voll besetzten Saal geflogen.<\/p>\n<hr \/>\n<h2 style=\"text-align: justify;\"><a href=\"https:\/\/www.gmtmag.com\/wp-content\/uploads\/2017\/10\/AAA.jpg\"><img loading=\"lazy\" class=\"wp-image-25830 alignright\" src=\"https:\/\/www.gmtmag.com\/wp-content\/uploads\/2017\/10\/AAA.jpg\" alt=\"AAA\" width=\"286\" height=\"143\" srcset=\"https:\/\/www.gmtmag.com\/wp-content\/uploads\/2017\/10\/AAA.jpg 1100w, https:\/\/www.gmtmag.com\/wp-content\/uploads\/2017\/10\/AAA-300x150.jpg 300w, https:\/\/www.gmtmag.com\/wp-content\/uploads\/2017\/10\/AAA-1024x512.jpg 1024w\" sizes=\"(max-width: 286px) 100vw, 286px\" \/><\/a>BOVET: Artists for Peace and Justice<\/h2>\n<p style=\"text-align: justify;\">Die von Paul Haggis gegr\u00fcndete Vereinigung Artists for Peace and Justice veranstaltete im September mit Unterst\u00fctzung von Bovet 1822 ihre j\u00e4hrliche Benefizgala. Der Hauptsponsor wurde durch Audrey Raffy, die Tochter von Eigent\u00fcmer Pascal Raffy, vertreten. Bei der Wohlt\u00e4tigkeitsveranstaltung konnten 1,1 Millionen Dollar f\u00fcr Schulprojekte in Haiti gesammelt werden.<\/p>\n<hr \/>\n<h2 style=\"text-align: justify;\">ROGER DUBUIS: Aventador S: eine grosse Portion Karbon<\/h2>\n<p style=\"text-align: justify;\"><a href=\"https:\/\/www.gmtmag.com\/wp-content\/uploads\/2017\/10\/AAAA.jpg\"><img loading=\"lazy\" class=\"wp-image-25833 alignleft\" src=\"https:\/\/www.gmtmag.com\/wp-content\/uploads\/2017\/10\/AAAA.jpg\" alt=\"AAAA\" width=\"370\" height=\"185\" srcset=\"https:\/\/www.gmtmag.com\/wp-content\/uploads\/2017\/10\/AAAA.jpg 1100w, https:\/\/www.gmtmag.com\/wp-content\/uploads\/2017\/10\/AAAA-300x150.jpg 300w, https:\/\/www.gmtmag.com\/wp-content\/uploads\/2017\/10\/AAAA-1024x512.jpg 1024w\" sizes=\"(max-width: 370px) 100vw, 370px\" \/><\/a>Am 20. September 2017 wurden am Hauptsitz von Lamborghini in Sant\u2019Agata Bolognese die Fr\u00fcchte einer Partnerschaft zwischen Roger Dubuis und Lamborghini Squadra Corse enth\u00fcllt: das neue Kaliber Duotor und zwei Excalibur-Zeitmesser, f\u00fcr die der Motor des Aventador S Pate stand. Das w\u00e4hrend eines Dinners in der Produktionshalle der Fahrzeuge pr\u00e4sentierte Uhrwerk hat eine geneigte doppelte Unruh, welche die L\u00e4ngsarchitektur der Lamborghini-Motoren wiederaufnimmt. Die beiden Sondereditionen Excalibur Aventador S in Gelb und Orange werden aus dem gleichen Karbon gefertigt wie die Lamborghini-Boliden.<\/p>\n<hr \/>\n<h2 style=\"text-align: justify;\"><a href=\"https:\/\/www.gmtmag.com\/wp-content\/uploads\/2017\/10\/AAAAA.jpg\"><img loading=\"lazy\" class=\"wp-image-25836 alignright\" src=\"https:\/\/www.gmtmag.com\/wp-content\/uploads\/2017\/10\/AAAAA.jpg\" alt=\"AAAAA\" width=\"232\" height=\"116\" srcset=\"https:\/\/www.gmtmag.com\/wp-content\/uploads\/2017\/10\/AAAAA.jpg 1100w, https:\/\/www.gmtmag.com\/wp-content\/uploads\/2017\/10\/AAAAA-300x150.jpg 300w, https:\/\/www.gmtmag.com\/wp-content\/uploads\/2017\/10\/AAAAA-1024x512.jpg 1024w\" sizes=\"(max-width: 232px) 100vw, 232px\" \/><\/a>CARL F. BUCHERER: Alles einsteigen, bitte!<\/h2>\n<p style=\"text-align: justify;\">Die Marke mag ihre starke Verwurzelung in Luzern immer wieder betonen, und doch hat es Carl F. Bucherer geschafft, noch einen Schritt weiter zu gehen. Ganze drei Jahre wird die Pilatusbahn als Wahrzeichen von Luzern und steilste Zahnradbahn der Welt in ihren Farben unterwegs sein.<\/p>\n<hr \/>\n<h2 style=\"text-align: justify;\">PIERRE BOTTINELLI: Hyperaktiver Aktion\u00e4r<\/h2>\n<p style=\"text-align: justify;\"><a href=\"https:\/\/www.gmtmag.com\/wp-content\/uploads\/2017\/10\/aaaU.jpg\"><img loading=\"lazy\" class=\"wp-image-25839 alignleft\" src=\"https:\/\/www.gmtmag.com\/wp-content\/uploads\/2017\/10\/aaaU.jpg\" alt=\"aaaU\" width=\"294\" height=\"147\" srcset=\"https:\/\/www.gmtmag.com\/wp-content\/uploads\/2017\/10\/aaaU.jpg 1100w, https:\/\/www.gmtmag.com\/wp-content\/uploads\/2017\/10\/aaaU-300x150.jpg 300w, https:\/\/www.gmtmag.com\/wp-content\/uploads\/2017\/10\/aaaU-1024x512.jpg 1024w\" sizes=\"(max-width: 294px) 100vw, 294px\" \/><\/a>Pierre Bottinelli hatte einst das Vergn\u00fcgen, seine Freunde Schwarzy und Ferrari mit Audemars Piguet, zu deren Hauptaktion\u00e4ren seine Familie geh\u00f6rt, bekannt zu machen. Er ist zwar immer noch mit der F\u00fchrung seiner Investmentfirma besch\u00e4ftigt, setzt sich aber immer mehr ins Gr\u00fcne ab: auf die Greens von Crans-Montana, die er wie seine eigene Westentasche kennt, oder von Ch\u00e2teau de Bonmont, und vor allem zur Pilzsuche ins Tessin \u2013 vielleicht unter einer K\u00f6nigseiche?<\/p>\n<hr \/>\n<h2 style=\"text-align: justify;\">ATELIERS DEMONACO: Erste Boutique von Ateliers deMonaco<\/h2>\n<p style=\"text-align: justify;\"><a href=\"https:\/\/www.gmtmag.com\/wp-content\/uploads\/2017\/10\/aaf.jpg\"><img loading=\"lazy\" class=\"wp-image-25842 alignright\" src=\"https:\/\/www.gmtmag.com\/wp-content\/uploads\/2017\/10\/aaf.jpg\" alt=\"aaf\" width=\"358\" height=\"179\" srcset=\"https:\/\/www.gmtmag.com\/wp-content\/uploads\/2017\/10\/aaf.jpg 1100w, https:\/\/www.gmtmag.com\/wp-content\/uploads\/2017\/10\/aaf-300x150.jpg 300w, https:\/\/www.gmtmag.com\/wp-content\/uploads\/2017\/10\/aaf-1024x512.jpg 1024w\" sizes=\"(max-width: 358px) 100vw, 358px\" \/><\/a>Was ist naheliegender, als bei diesem Namen seine erste Boutique im F\u00fcrstentum Monaco zu er\u00f6ffnen? Sie befindet sich unweit des ber\u00fchmten Casinos im eleganten Hotel Hermitage Monte-Carlo und pr\u00e4sentiert alle Kollektionen der Marke, sogar die ganz neue Tourbillon Oculus 1297 in schwarzem Titan aus unserem Shooting. Die 2008 gegr\u00fcndete Marke Ateliers deMonaco setzt ihren Aufschwung fort und l\u00e4sst sich in zwei weiteren renommierten Gesch\u00e4ften in Frankreich nieder: Maier Joaillier in Lyon und Emile L\u00e9on in Paris.<\/p>\n<hr \/>\n<h2 style=\"text-align: justify;\"><a href=\"https:\/\/www.gmtmag.com\/wp-content\/uploads\/2017\/10\/AAR.jpg\"><img loading=\"lazy\" class=\"wp-image-25845 alignleft\" src=\"https:\/\/www.gmtmag.com\/wp-content\/uploads\/2017\/10\/AAR.jpg\" alt=\"AAR\" width=\"176\" height=\"207\" srcset=\"https:\/\/www.gmtmag.com\/wp-content\/uploads\/2017\/10\/AAR.jpg 509w, https:\/\/www.gmtmag.com\/wp-content\/uploads\/2017\/10\/AAR-255x300.jpg 255w\" sizes=\"(max-width: 176px) 100vw, 176px\" \/><\/a>FREDERIQUE CONSTANT: Frederique Constant im Observatoire de Nice<\/h2>\n<p style=\"text-align: justify;\">Frederique Constant hat f\u00fcr die Lancierung der Slimline Moonphase Manufacture Stars einen in der langen Geschichte der internationalen Presseveranstaltungen noch nie dagewesenen Ort gew\u00e4hlt: das Observatoire de la C\u00f4te d\u2019Azur. Welcher Ort eignet sich besser f\u00fcr die Pr\u00e4sentation einer herrlich femininen Automatikuhr, deren mit Sternen \u00fcbers\u00e4tes Zifferblatt auch eine Mondphase ziert? Lesen Sie mehr dazu in unserer Ausgabe GMT Lady im November oder ab sofort auf <a href=\"http:\/\/en.worldtempus.com\/\">worldtempus.com<\/a>.<\/p>\n","protected":false},"excerpt":{"rendered":"<p>RICHARD MILLE: Wettbewerb Chantilly Arts &amp; El\u00e9gance Am 10. September \u00f6ffnete das Ch\u00e2teau de Chantilly [&hellip;]<\/p>\n","protected":false},"author":27,"featured_media":25865,"comment_status":"open","ping_status":"open","sticky":false,"template":"","format":"standard","meta":[],"categories":[1671],"tags":[],"_links":{"self":[{"href":"https:\/\/www.gmtmag.com\/de\/wp-json\/wp\/v2\/posts\/25004"}],"collection":[{"href":"https:\/\/www.gmtmag.com\/de\/wp-json\/wp\/v2\/posts"}],"about":[{"href":"https:\/\/www.gmtmag.com\/de\/wp-json\/wp\/v2\/types\/post"}],"author":[{"embeddable":true,"href":"https:\/\/www.gmtmag.com\/de\/wp-json\/wp\/v2\/users\/27"}],"replies":[{"embeddable":true,"href":"https:\/\/www.gmtmag.com\/de\/wp-json\/wp\/v2\/comments?post=25004"}],"version-history":[{"count":3,"href":"https:\/\/www.gmtmag.com\/de\/wp-json\/wp\/v2\/posts\/25004\/revisions"}],"predecessor-version":[{"id":26582,"href":"https:\/\/www.gmtmag.com\/de\/wp-json\/wp\/v2\/posts\/25004\/revisions\/26582"}],"wp:featuredmedia":[{"embeddable":true,"href":"https:\/\/www.gmtmag.com\/de\/wp-json\/wp\/v2\/media\/25865"}],"wp:attachment":[{"href":"https:\/\/www.gmtmag.com\/de\/wp-json\/wp\/v2\/media?parent=25004"}],"wp:term":[{"taxonomy":"category","embeddable":true,"href":"https:\/\/www.gmtmag.com\/de\/wp-json\/wp\/v2\/categories?post=25004"},{"taxonomy":"post_tag","embeddable":true,"href":"https:\/\/www.gmtmag.com\/de\/wp-json\/wp\/v2\/tags?post=25004"}],"curies":[{"name":"wp","href":"https:\/\/api.w.org\/{rel}","templated":true}]}}