{"id":6134,"date":"2013-10-18T12:18:14","date_gmt":"2013-10-18T11:18:14","guid":{"rendered":"http:\/\/preprod.gmtmag.com\/?p=6134"},"modified":"2013-10-23T09:35:52","modified_gmt":"2013-10-23T08:35:52","slug":"geneva-art-tour-5","status":"publish","type":"post","link":"https:\/\/www.gmtmag.com\/de\/art-n-de\/12e_art-3\/geneva-art-tour-5.html","title":{"rendered":"Geneva Art Tour : Kunst in der Altstadt mit 1875 Finance"},"content":{"rendered":"\n<div class=\"contenu_article\"><strong>Charlotte Mailler gr\u00fcndete 2007<\/strong> die<strong> <\/strong><em>Association de l\u2019Art en Vieille-Ville<\/em> (Vereinigung f\u00fcr Kunst in der Altstadt, AVV), um das Kulturschaffen in Genf noch weiter anzukurbeln. Die Vereinigung besteht aus zw\u00f6lf Galeristen und Kunsth\u00e4ndlern mit den Spezialgebieten Antike, klassische, moderne und zeitgen\u00f6ssische Kunst, dekorative Kunst des 20. Jahrhunderts, Fotografie und zeitgen\u00f6ssischer Schmuck. Das Museum Barbier-Mueller sowie das Kunstgeschichtsmuseum in Genf und die Fondation Bauer beteiligen sich ebenfalls am Projekt und laden zu einer vielf\u00e4ltigen Entdeckungsreise ein, die f\u00fcr jeden Geschmack etwas zu bieten hat. Das Konzept von <em>Kunst in der Altstadt<\/em> m\u00f6chte dem schlummernden und verschlossenen Genf durch abwechslungsreiche und prestigetr\u00e4chtige Ausstellungen neues Leben einhauchen. Die an diesem authentischen und charmanten Ort versammelten Galerien stehen einem lokalem und internationalem Publikum offen. Die Calvin-Stadt gewinnt im Bereich der Sch\u00f6nen K\u00fcnste an Bedeutung und wird f\u00fcr in- und ausl\u00e4ndische Kunstliebhaber mehr und mehr zu einem Schwerpunkt. Zweimal im Jahr l\u00e4dt die AVV \u00fcber 3000 Personen, Sammler, Konservatoren und Kunstliebhaber ein, die neue Ausstellung der Galeristen in den G\u00e4sschen der Altstadt zu besuchen. Ziel ist ein gutes Zusammenspannen der Galeristen als Jungbrunnen f\u00fcr die Altstadt sowie das Streben, lokales und internationales Publikum an die Kunst heranzuf\u00fchren. Schliesslich kostet es immer \u00dcberwindung, allein die Schwelle einer Kunstgalerie zu \u00fcberschreiten. Ein gemeinsames Vernissagedatum soll diese Hemmschwelle nun senken. Die Vereinigung ist langfristig ausgerichtet und will dauerhaft mit herausragenden Kunstwerken kulturelle Aufkl\u00e4rung betreiben.<\/p>\n<p>Weitere Informationen finden Sie unter\u00a0<strong><a href=\"http:\/\/www.geneva-art-tour.com \" target=\"_blank\">www.geneva-art-tour.com<\/a><\/strong> und <strong><a href=\"http:\/\/www.avv.ch\" target=\"_blank\">www.avv.ch.<\/a><\/strong><\/p>\n<p>&nbsp;<\/p>\n<p><strong>Mus\u00e9e Barbier-Mueller<\/strong><\/p>\n<p>Weibliche Statuette. Guinea, Baga.<\/p>\n<p>Holz. 19. Jahrhundert.<\/p>\n<p>&nbsp;<\/p>\n<p><strong>Galerie Phoenix Ancient Art SA<\/strong><\/p>\n<p>Teller mit k\u00f6niglicher Jagdszene<\/p>\n<p>Sassanidische Kunst, 5.-6. Jahrhundert n. Chr.<\/p>\n<p>&nbsp;<\/p>\n<p><strong>Galerie Interart \u2013 Charlotte Mailler<\/strong><\/p>\n<p>Victor BRAUNER (1903 &#8211; 1966)<\/p>\n<p>\u00c9CLOSION, 1957<\/p><\/div>\n<p><\/br><\/p>\n","protected":false},"excerpt":{"rendered":"<p><strong>Charlotte Mailler gr\u00fcndete 2007<\/strong> die<strong> <\/strong><em>Association de l\u2019Art en Vieille-Ville<\/em> (Vereinigung f\u00fcr Kunst in der Altstadt, AVV), um das Kulturschaffen in Genf noch weiter anzukurbeln. Die Vereinigung besteht aus zw\u00f6lf Galeristen und Kunsth\u00e4ndlern mit den Spezialgebieten Antike, klassische, moderne und zeitgen\u00f6ssische Kunst, dekorative Kunst des 20. Jahrhunderts, Fotografie und zeitgen\u00f6ssischer Schmuck. Das Museum Barbier-Mueller sowie das Kunstgeschichtsmuseum in Genf und die Fondation Bauer beteiligen sich ebenfalls am Projekt und laden zu einer vielf\u00e4ltigen Entdeckungsreise ein, die f\u00fcr jeden Geschmack etwas zu bieten hat. Das Konzept von <em>Kunst in der Altstadt<\/em> m\u00f6chte dem schlummernden und verschlossenen Genf durch abwechslungsreiche und prestigetr\u00e4chtige Ausstellungen neues Leben einhauchen. Die an diesem authentischen und charmanten Ort versammelten Galerien stehen einem lokalem und internationalem Publikum offen. Die Calvin-Stadt gewinnt im Bereich der Sch\u00f6nen K\u00fcnste an Bedeutung und wird f\u00fcr in- und ausl\u00e4ndische Kunstliebhaber mehr und mehr zu einem Schwerpunkt. Zweimal im Jahr l\u00e4dt die AVV \u00fcber 3000 Personen, Sammler, Konservatoren und Kunstliebhaber ein, die neue Ausstellung der Galeristen in den G\u00e4sschen der Altstadt zu besuchen. Ziel ist ein gutes Zusammenspannen der Galeristen als Jungbrunnen f\u00fcr die Altstadt sowie das Streben, lokales und internationales Publikum an die Kunst heranzuf\u00fchren. Schliesslich kostet es immer \u00dcberwindung, allein die Schwelle einer Kunstgalerie zu \u00fcberschreiten. Ein gemeinsames Vernissagedatum soll diese Hemmschwelle nun senken. Die Vereinigung ist langfristig ausgerichtet und will dauerhaft mit herausragenden Kunstwerken kulturelle Aufkl\u00e4rung betreiben.<\/p>\n<p>Weitere Informationen finden Sie unter\u00a0<strong><a href=\"http:\/\/www.geneva-art-tour.com \" target=\"_blank\">www.geneva-art-tour.com<\/a><\/strong> und <strong><a href=\"http:\/\/www.avv.ch\" target=\"_blank\">www.avv.ch.<\/a><\/strong><\/p>\n<p>&nbsp;<\/p>\n<p><strong>Mus\u00e9e Barbier-Mueller<\/strong><\/p>\n<p>Weibliche Statuette. Guinea, Baga.<\/p>\n<p>Holz. 19. Jahrhundert.<\/p>\n<p>&nbsp;<\/p>\n<p><strong>Galerie Phoenix Ancient Art SA<\/strong><\/p>\n<p>Teller mit k\u00f6niglicher Jagdszene<\/p>\n<p>Sassanidische Kunst, 5.-6. Jahrhundert n. Chr.<\/p>\n<p>&nbsp;<\/p>\n<p><strong>Galerie Interart \u2013 Charlotte Mailler<\/strong><\/p>\n<p>Victor BRAUNER (1903 &#8211; 1966)<\/p>\n<p>\u00c9CLOSION, 1957<\/p>\n","protected":false},"author":53,"featured_media":6128,"comment_status":"open","ping_status":"open","sticky":false,"template":"","format":"standard","meta":[],"categories":[70],"tags":[],"_links":{"self":[{"href":"https:\/\/www.gmtmag.com\/de\/wp-json\/wp\/v2\/posts\/6134"}],"collection":[{"href":"https:\/\/www.gmtmag.com\/de\/wp-json\/wp\/v2\/posts"}],"about":[{"href":"https:\/\/www.gmtmag.com\/de\/wp-json\/wp\/v2\/types\/post"}],"author":[{"embeddable":true,"href":"https:\/\/www.gmtmag.com\/de\/wp-json\/wp\/v2\/users\/53"}],"replies":[{"embeddable":true,"href":"https:\/\/www.gmtmag.com\/de\/wp-json\/wp\/v2\/comments?post=6134"}],"version-history":[{"count":0,"href":"https:\/\/www.gmtmag.com\/de\/wp-json\/wp\/v2\/posts\/6134\/revisions"}],"wp:featuredmedia":[{"embeddable":true,"href":"https:\/\/www.gmtmag.com\/de\/wp-json\/wp\/v2\/media\/6128"}],"wp:attachment":[{"href":"https:\/\/www.gmtmag.com\/de\/wp-json\/wp\/v2\/media?parent=6134"}],"wp:term":[{"taxonomy":"category","embeddable":true,"href":"https:\/\/www.gmtmag.com\/de\/wp-json\/wp\/v2\/categories?post=6134"},{"taxonomy":"post_tag","embeddable":true,"href":"https:\/\/www.gmtmag.com\/de\/wp-json\/wp\/v2\/tags?post=6134"}],"curies":[{"name":"wp","href":"https:\/\/api.w.org\/{rel}","templated":true}]}}